[{"@context":"https:\/\/schema.org\/","@type":"Article","@id":"https:\/\/www.unreel.cz\/zmeny-v-pocasi-a-pritomnost-destniku\/#Article","mainEntityOfPage":"https:\/\/www.unreel.cz\/zmeny-v-pocasi-a-pritomnost-destniku\/","headline":"Zm\u011bny v po\u010das\u00ed a p\u0159\u00edtomnost de\u0161tn\u00edku.","name":"Zm\u011bny v po\u010das\u00ed a p\u0159\u00edtomnost de\u0161tn\u00edku.","description":"Po\u010das\u00ed se na zemi hodn\u011b zm\u011bnilo, hlavn\u011b v posledn\u00edch letech. Na t\u011bch m\u00edstech, kde v","datePublished":"2024-03-15","dateModified":"2024-04-15","author":{"@type":"Person","@id":"https:\/\/www.unreel.cz\/author\/#Person","name":"","url":"https:\/\/www.unreel.cz\/author\/","identifier":1,"image":{"@type":"ImageObject","@id":"https:\/\/secure.gravatar.com\/avatar\/03ef97ef22d1b0d07a8e6c50d88cc1823592c58a091286b466bcec36e31eaab2?s=96&d=mm&r=g","url":"https:\/\/secure.gravatar.com\/avatar\/03ef97ef22d1b0d07a8e6c50d88cc1823592c58a091286b466bcec36e31eaab2?s=96&d=mm&r=g","height":96,"width":96}},"publisher":{"@type":"Organization","name":"unreel.cz","logo":{"@type":"ImageObject","@id":"\/logo.png","url":"\/logo.png","width":600,"height":60}},"image":{"@type":"ImageObject","@id":"https:\/\/www.unreel.cz\/wp-content\/uploads\/pexels-photo-763398.jpeg","url":"https:\/\/www.unreel.cz\/wp-content\/uploads\/pexels-photo-763398.jpeg","height":0,"width":0},"url":"https:\/\/www.unreel.cz\/zmeny-v-pocasi-a-pritomnost-destniku\/","about":["Zbo\u017e\u00ed"],"wordCount":445,"articleBody":"   Po\u010das\u00ed se na zemi hodn\u011b zm\u011bnilo, hlavn\u011b v posledn\u00edch letech. Na t\u011bch m\u00edstech, kde v zimn\u00edm obdob\u00ed byli z\u00e1v\u011bje sn\u011bhu, dnes u\u017e skoro nic nenapadne a tam, kde doposud o sn\u011bhu jen sly\u0161eli, ho te\u010f maj\u00ed ve velk\u00e9m. Je to cel\u00e9 zimn\u00ed obdob\u00ed, a sn\u011bhu je po\u017eehnan\u011b, akor\u00e1t u\u017e ne tam, kde to bylo d\u0159\u00edve. Stejn\u011b tak to je i s ostatn\u00edm po\u010das\u00edm. V letn\u00edch dnech, byli lid\u00e9 zvykl\u00ed na ur\u010dit\u00e9 teploty, se kter\u00fdmi mohli po\u010d\u00edtat, bylo to nap\u0159\u00edklad v \u010cesk\u00e9 republice kolem p\u011bkn\u00fdch dvaceti a\u017e dvaceti p\u011bti stup\u0148\u016f celsia a te\u010f v letn\u00edch dnech m\u00e1te teploty p\u0159es t\u0159icet stup\u0148\u016f, co\u017e je pocitov\u011b rozhodn\u011b hor\u0161\u00ed. Nikdy nev\u00edte, co p\u0159ijde a co o\u010dek\u00e1vat. N\u011bkdy u\u017e se to bl\u00ed\u017e\u00ed i po\u010das\u00ed v Lond\u00fdn\u011b, kde jsou obyvatel\u00e9 zvykl\u00ed u sebe st\u00e1le nosit de\u0161tn\u00edky, proto\u017ee mohou o\u010dek\u00e1vat sr\u00e1\u017eky, ka\u017ed\u00fdm dnem. Je to velmi podobn\u00e9, jen lid\u00e9 si na to je\u0161t\u011b nezvykli. Spousta \u017een u ve sv\u00fdch kabelk\u00e1ch de\u0161tn\u00edky nos\u00ed, jsou vybaveni tak do ka\u017ed\u00e9ho po\u010das\u00ed a mal\u00fd de\u0161tn\u00edk nezabere zase tolik prostoru, tak\u017ee do kabelky se v\u00e1m to kr\u00e1sn\u011b vleze. Dnes u\u017e m\u016f\u017eete m\u00edt i p\u011bkn\u00e9 stylov\u00e9 de\u0161tn\u00edky, kter\u00e9 v\u00e1s budou dopl\u0148ovat. Existuje i spousta mo\u017enost\u00ed otev\u00edr\u00e1n\u00ed, co se vyr\u00e1b\u00ed. M\u016f\u017eete, m\u00edt \u00faplnou klasiku, kdy si de\u0161tn\u00edk budete otev\u00edrat manu\u00e1ln\u011b samy.Jednoduch\u00fdm pohybem, kdy spodn\u00ed \u010d\u00e1st vysunete nahoru, a de\u0161tn\u00edk se v\u00e1m otev\u0159e. Je to jeden z p\u016fvodn\u00edch styl\u016f otev\u00edr\u00e1n\u00ed de\u0161tn\u00edk\u016f. Pak jsou ty nov\u011bj\u0161\u00ed, kdy m\u016f\u017eete de\u0161tn\u00edk vyst\u0159elit. Pomoci jednoho tla\u010d\u00edtka v\u00e1m de\u0161tn\u00edk vyjede a vy k pro to nemus\u00edte ud\u011blat nic, jen zm\u00e1\u010dknout jeden knofl\u00edk, ov\u0161em zav\u0159\u00edt u\u017e ho mus\u00edte manu\u00e1ln\u011b, nebo si po\u0159i\u010fte n\u011bkter\u00fd reklamn\u00ed de\u0161tn\u00edk promodarky.cz, kter\u00fd je u\u017e automatizovan\u00fd. Jedn\u00edm tla\u010d\u00edtkem se v\u00e1m otev\u0159e a druh\u00fdm se zase zav\u0159e. Je to u\u017e na jin\u00e9 \u00farovn\u00ed, ale mus\u00edte po\u010d\u00edtat s t\u00edm, \u017ee i technika se sem tam rozbije a je mo\u017enost, \u017ee v\u00e1m takov\u00fd de\u0161tn\u00edk vydr\u017e\u00ed krat\u0161\u00ed dobu ne\u017e ten manu\u00e1ln\u00ed. Jak\u00fd de\u0161tn\u00edk m\u00e1te doma?                                                                                                                                                                                                                                                                                                                                                                                          4.2\/5 - (12 votes)        "},{"@context":"https:\/\/schema.org\/","@type":"BreadcrumbList","itemListElement":[{"@type":"ListItem","position":1,"name":"Zm\u011bny v po\u010das\u00ed a p\u0159\u00edtomnost de\u0161tn\u00edku.","item":"https:\/\/www.unreel.cz\/zmeny-v-pocasi-a-pritomnost-destniku\/#breadcrumbitem"}]}]