[{"@context":"https:\/\/schema.org\/","@type":"Article","@id":"https:\/\/www.unreel.cz\/neni-znacka-jako-znacka\/#Article","mainEntityOfPage":"https:\/\/www.unreel.cz\/neni-znacka-jako-znacka\/","headline":"Neni zna\u010dka jako zna\u010dka","name":"Neni zna\u010dka jako zna\u010dka","description":"Je\u0161t\u011b je po\u0159\u00e1d po\u010das\u00ed na draka, tak je pot\u0159eba se po\u0159\u00e1dn\u011b obl\u00e9kat. Ale vybrat to","datePublished":"2022-04-26","dateModified":"2022-04-26","author":{"@type":"Person","@id":"https:\/\/www.unreel.cz\/author\/#Person","name":"","url":"https:\/\/www.unreel.cz\/author\/","identifier":1,"image":{"@type":"ImageObject","@id":"https:\/\/secure.gravatar.com\/avatar\/03ef97ef22d1b0d07a8e6c50d88cc1823592c58a091286b466bcec36e31eaab2?s=96&d=mm&r=g","url":"https:\/\/secure.gravatar.com\/avatar\/03ef97ef22d1b0d07a8e6c50d88cc1823592c58a091286b466bcec36e31eaab2?s=96&d=mm&r=g","height":96,"width":96}},"publisher":{"@type":"Organization","name":"unreel.cz","logo":{"@type":"ImageObject","@id":"\/logo.png","url":"\/logo.png","width":600,"height":60}},"image":{"@type":"ImageObject","@id":"https:\/\/www.unreel.cz\/wp-content\/uploads\/d%C3%ADt%C4%9B%20utr%C3%A1pen%C3%A9_3.JPG","url":"https:\/\/www.unreel.cz\/wp-content\/uploads\/d%C3%ADt%C4%9B%20utr%C3%A1pen%C3%A9_3.JPG","height":0,"width":0},"url":"https:\/\/www.unreel.cz\/neni-znacka-jako-znacka\/","about":["Zbo\u017e\u00ed"],"wordCount":396,"articleBody":"   Je\u0161t\u011b je po\u0159\u00e1d po\u010das\u00ed na draka, tak je pot\u0159eba se po\u0159\u00e1dn\u011b obl\u00e9kat. Ale vybrat to spr\u00e1vn\u00e9 oble\u010den\u00ed je n\u011bkdy nadlidsk\u00fd \u00fakon. Na trhu je velk\u00fd v\u00fdb\u011br, n\u011bkdy se zd\u00e1, \u017ee a\u017e nep\u0159ebern\u00fd. Ot\u00e1zkou v\u0161ak z\u016fst\u00e1v\u00e1, kde je kvalita a co spl\u0148uje podm\u00ednky hledan\u00e9ho produktu. Je mnoho aspekt\u016f, kter\u00e9 jsou d\u016fle\u017eit\u00e9. Nap\u0159\u00edklad materi\u00e1l. Ur\u010dit\u011b nechceme oble\u010den\u00ed, kter\u00e9 je vyroben\u00e9 z ledas\u010deho. Oeko-Tex\u00ae 100, pokud m\u00e1 l\u00e1tka takov\u00e9 ozna\u010den\u00ed, tak v\u00edme, \u017ee pro\u0161la mezin\u00e1rodn\u00edm certifika\u010dn\u00edm syst\u00e9m, kter\u00fd schvaluje jen zdravotn\u011b nez\u00e1vadn\u00e9 materi\u00e1ly.Takov\u00fd test najdeme t\u0159eba u mikiny KARI TRAA SANNE LONG SLEEVE V tomto chladn\u00e9m po\u010das\u00ed v\u00e1s ochr\u00e1n\u00ed i p\u0159ed nep\u0159\u00edjemn\u00fdm v\u011btrem. Design tohoto kousku je vcelku jednoduch\u00fd. Ten kdo nem\u00e1 r\u00e1d velk\u00e1 loga, kter\u00e1 zab\u00edraj\u00ed i celou p\u0159edn\u00ed nebo zadn\u00ed stranu oble\u010den\u00ed, tak zde ocen\u00ed minimalistickou zna\u010dku. To je dal\u0161\u00ed d\u016fle\u017eit\u00e9 krit\u00e9rium &#8211; design. Vyberou si zde i ti co maj\u00ed r\u00e1di oble\u010den\u00ed v jedn\u00e9 barv\u011b a naopak i ti co rad\u0161i pestr\u00e9 barevn\u00e9 vzory. Ale v oboj\u00edm p\u0159\u00edpad\u011b je v\u00fdhoda, \u017ee jsou vkusn\u011b proveden\u00e9. Kari traa mikina m\u00e1 v\u00edcero proveden\u00ed, kter\u00e9 naleznete na kliknut\u00ed na odkaz. Pokud jste milovn\u00edky outdoorov\u00fdch aktivit, tak zde budete jist\u011b spokojen\u00ed.Dal\u0161\u00edm aspektem, d\u00edky kter\u00e9mu si vyb\u00edr\u00e1me je cena. Taky jde ruka v ruk\u00e1v\u011b kvalita = cena. To je to co n\u00e1s zaj\u00edm\u00e1. Jak u\u017e jsem psala, \u017ee se jedn\u00e1 o materi\u00e1l, kter\u00fd je podroben\u00fd jedn\u00edm z mezin\u00e1rodn\u00edch test\u016f, tak bych se neb\u00e1la, \u017ee to budou nekvalitn\u00ed kousky. Pokud pl\u00e1nujete v\u00fdlet n\u011bkam do p\u0159\u00edrody a chcete b\u00fdt p\u0159ichystan\u00ed i na nep\u0159\u00edzniv\u00e9 podm\u00ednky, tak ur\u010dit\u011b zva\u017ete tyto mikiny nebo maj\u00ed v nab\u00eddce i svetry pro chladn\u00e9 ve\u010dery u t\u00e1bor\u00e1ku nebo u pozorov\u00e1n\u00ed hv\u011bzd. Dle m\u00e9ho n\u00e1zoru nem\u016f\u017eete n\u00e1kupem prohloupit. A je\u0161t\u011b jedna v\u00fdhoda na vrch &#8211; chr\u00e1n\u00edte \u017eivotn\u00ed prost\u0159ed\u00ed, proto\u017ee tyto kousky jsou vyr\u00e1b\u011bn\u00e9 z recyklovan\u00e9ho polyesteru.                                                                                                                                                                                                                                                                                                                                                                                          4.2\/5 - (5 votes)        "},{"@context":"https:\/\/schema.org\/","@type":"BreadcrumbList","itemListElement":[{"@type":"ListItem","position":1,"name":"Neni zna\u010dka jako zna\u010dka","item":"https:\/\/www.unreel.cz\/neni-znacka-jako-znacka\/#breadcrumbitem"}]}]