[{"@context":"https:\/\/schema.org\/","@type":"Article","@id":"https:\/\/www.unreel.cz\/kozich-a-kuze\/#Article","mainEntityOfPage":"https:\/\/www.unreel.cz\/kozich-a-kuze\/","headline":"Ko\u017eich a k\u016f\u017ee","name":"Ko\u017eich a k\u016f\u017ee","description":"J\u00e1 si mysl\u00edm, \u017ee ka\u017ed\u00e1 \u017eena se chce l\u00edbit, proto\u017ee kdyby \u017eena v\u016fbec o sob\u011b","datePublished":"2024-07-28","dateModified":"2024-07-28","author":{"@type":"Person","@id":"https:\/\/www.unreel.cz\/author\/#Person","name":"","url":"https:\/\/www.unreel.cz\/author\/","identifier":1,"image":{"@type":"ImageObject","@id":"https:\/\/secure.gravatar.com\/avatar\/03ef97ef22d1b0d07a8e6c50d88cc1823592c58a091286b466bcec36e31eaab2?s=96&d=mm&r=g","url":"https:\/\/secure.gravatar.com\/avatar\/03ef97ef22d1b0d07a8e6c50d88cc1823592c58a091286b466bcec36e31eaab2?s=96&d=mm&r=g","height":96,"width":96}},"publisher":{"@type":"Organization","name":"unreel.cz","logo":{"@type":"ImageObject","@id":"\/logo.png","url":"\/logo.png","width":600,"height":60}},"image":{"@type":"ImageObject","@id":"https:\/\/www.unreel.cz\/wp-content\/uploads\/ko%C5%BEich.jpg","url":"https:\/\/www.unreel.cz\/wp-content\/uploads\/ko%C5%BEich.jpg","height":0,"width":0},"url":"https:\/\/www.unreel.cz\/kozich-a-kuze\/","about":["\u017dena"],"wordCount":449,"articleBody":"J\u00e1 si mysl\u00edm, \u017ee ka\u017ed\u00e1 \u017eena se chce l\u00edbit, proto\u017ee kdyby \u017eena v\u016fbec o sob\u011b nepe\u010dovala, tak si mysl\u00edm, \u017ee bych j\u00ed to snad ani nebavilo. Nezn\u00e1m \u017e\u00e1dnou \u017eenu, kter\u00e1 by\u00a0\u0159ekla, \u017ee by o sob\u011b nepe\u010dovala. Nebo \u017ee ji p\u00e9\u010de o sebe nebav\u00ed. Kdy\u017e se\u00a0\u0159ekne \u017eena, tak j\u00e1 osobn\u011b si v\u017edycky p\u0159edstav\u00edm m\u00f3du a kosmetiku. M\u00f3du a kosmetiku hlavn\u011b z toho d\u016fvodu, \u017ee vlastn\u011b ka\u017edou \u017eenu zaj\u00edm\u00e1 m\u00f3da a kosmetika nebo se m\u00fdl\u00edm? Samoz\u0159ejm\u011b, \u017ee jsou n\u011bkter\u00e9 \u017eeny, kter\u00e9 v\u016fbec nebav\u00ed m\u00f3da a kosmetika. Tohle je potom samoz\u0159ejm\u011b n\u011bco \u00fapln\u011b jin\u00e9ho. Ka\u017ed\u00fd \u010dlov\u011bk m\u00e1 sv\u00e9 z\u00e1jmy a z\u00e1liby, ale my \u017eeny jednozna\u010dn\u011b asi st\u00e1hneme bl\u00ed\u017ee k t\u00e9 m\u00f3d\u011b a ke kosmetice. A\u00a0tak\u00e9 hlavn\u011b parf\u00e9my. J\u00e1 jako \u017eena jsem si opravdu hodn\u011b obl\u00edbila parf\u00e9my. A m\u00e1m doma n\u011bkolik parf\u00e9m\u016f, nem\u00e1m jeden\u00a0\u010di dva\u00a0parf\u00e9my, ale m\u00e1m jich t\u0159eba i deset\u00a0a v\u00edce parf\u00e9m\u016f. Jsem mo\u017en\u00e1 bl\u00e1zen do parf\u00e9m\u016f, ale tak\u00e9 hlavn\u011b kabelky. My \u017eeny tak\u00e9 opravdu milujeme kabelky a boty, ale abych se p\u0159iznala, tak to nejsou jenom oby\u010dejn\u00e9 boty a oby\u010dejn\u00e9 kabelky. M\u00e1m r\u00e1da ko\u017een\u00e9 boty a kabelky, tak\u00e9 hlavn\u011b ko\u017een\u00e9 opasky a ko\u017een\u00e9 dopl\u0148ky. J\u00e1 m\u00e1m r\u00e1da ko\u017een\u00e9 v\u011bci a tak\u00e9 ko\u017ee\u0161iny.Cht\u011bla jsem si na zimu pr\u00e1v\u011b po\u0159\u00eddit n\u011bjak\u00fd prav\u00fd ko\u017eich. Jenom\u017ee, kdy\u017e jsem se dozv\u011bd\u011bla, \u017ee lid\u00e9 okolo nemaj\u00ed r\u00e1di ko\u017ee\u0161iny, a to kv\u016fli t\u00fdr\u00e1n\u00ed zv\u00ed\u0159at, tak jsem si \u0159ekla, \u017ee si rad\u011bji \u017e\u00e1dn\u00fd ko\u017eich po\u0159izovat nebudu, proto\u017ee mi ho ale zase n\u011bkdo zni\u010d\u00ed. B\u00e1la bych se, \u017ee mi n\u011bkdo zni\u010d\u00ed ko\u017eich jenom kv\u016fli tomu, \u017ee je to ze zv\u00ed\u0159ete. J\u00e1 se v tomhle tedy moc nevyzn\u00e1m. Samoz\u0159ejm\u011b, \u017ee m\u011b\u00a0to tak\u00e9 moc mrz\u00ed, ale kdy\u017e u\u017e je v\u00fdrobek z ko\u017eich\u016f, tak pro\u010d bych ho nenosila? Podle m\u00e9ho n\u00e1zoru tohle je takov\u00e9 divok\u00e9 a m\u011blo by se tohle \u0159e\u0161it, proto\u017ee ka\u017ed\u00fd \u010dlov\u011bk si na sebe m\u016f\u017ee vz\u00edt to, co chce. A\u00a0to jak k\u016f\u017ei nebo ko\u017eich. M\u00e1te tak\u00e9 r\u00e1di ko\u017ee\u0161iny anebo k\u016f\u017ee? Mnoho lid\u00ed nos\u00ed ko\u017een\u00e9 boty anebo kabelky, ale t\u0159eba ko\u017ee\u0161iny zase nemaj\u00ed r\u00e1di.\u00a0                                                                                                                                                                                                                                                                                                                                                                                        4.1\/5 - (8 votes)        "},{"@context":"https:\/\/schema.org\/","@type":"BreadcrumbList","itemListElement":[{"@type":"ListItem","position":1,"name":"Ko\u017eich a k\u016f\u017ee","item":"https:\/\/www.unreel.cz\/kozich-a-kuze\/#breadcrumbitem"}]}]