[{"@context":"https:\/\/schema.org\/","@type":"Article","@id":"https:\/\/www.unreel.cz\/dovolena-a-prace\/#Article","mainEntityOfPage":"https:\/\/www.unreel.cz\/dovolena-a-prace\/","headline":"Dovolen\u00e1 a pr\u00e1ce","name":"Dovolen\u00e1 a pr\u00e1ce","description":"J\u00e1 sama v\u00edm, \u017ee dovolen\u00e1 je opravdu hodn\u011b d\u016fle\u017eit\u00e1, proto\u017ee j\u00e1 bych bez dovolen\u00e9 asi","datePublished":"2022-11-25","dateModified":"2023-04-25","author":{"@type":"Person","@id":"https:\/\/www.unreel.cz\/author\/#Person","name":"","url":"https:\/\/www.unreel.cz\/author\/","identifier":1,"image":{"@type":"ImageObject","@id":"https:\/\/secure.gravatar.com\/avatar\/03ef97ef22d1b0d07a8e6c50d88cc1823592c58a091286b466bcec36e31eaab2?s=96&d=mm&r=g","url":"https:\/\/secure.gravatar.com\/avatar\/03ef97ef22d1b0d07a8e6c50d88cc1823592c58a091286b466bcec36e31eaab2?s=96&d=mm&r=g","height":96,"width":96}},"publisher":{"@type":"Organization","name":"unreel.cz","logo":{"@type":"ImageObject","@id":"\/logo.png","url":"\/logo.png","width":600,"height":60}},"image":{"@type":"ImageObject","@id":"https:\/\/www.unreel.cz\/wp-content\/uploads\/poppy-3137588__340.jpg","url":"https:\/\/www.unreel.cz\/wp-content\/uploads\/poppy-3137588__340.jpg","height":0,"width":0},"url":"https:\/\/www.unreel.cz\/dovolena-a-prace\/","about":["Dovolen\u00e1"],"wordCount":404,"articleBody":"J\u00e1 sama v\u00edm, \u017ee dovolen\u00e1 je opravdu hodn\u011b d\u016fle\u017eit\u00e1, proto\u017ee j\u00e1 bych bez dovolen\u00e9 asi nemohla po\u0159\u00e1dn\u011b fungovat. V\u017edycky pot\u0159ebuji si po\u0159\u00e1dn\u011b odpo\u010dinout, a to hlavn\u011b kv\u016fli tomu, abych m\u011bla v\u00edce energie na svou novou pr\u00e1ci. Proto\u017ee j\u00e1 jsem p\u0159ed p\u016fl rokem m\u011bnila zam\u011bstn\u00e1n\u00ed. P\u0159edt\u00edm jsem pracovala ve skladu, kde je drogistick\u00e9 zbo\u017e\u00ed a ob\u010das n\u011bjak\u00e9 trvanliv\u00e9 potraviny. Jenom\u017ee j\u00e1 u\u017e jsem tam pracovala dev\u011bt let. A v\u011b\u0159te mi nebo ne, ale m\u011b u\u017e to opravdu tak nudilo a deprimovalo, \u017ee jsem si \u0159ekla, \u017ee pr\u00e1ci mus\u00edm prost\u011b jednodu\u0161e zm\u011bnit\u00a0nebo\u00a0se z toho asi u\u017e zbl\u00e1zn\u00edm.A opravdu jsem necht\u011bla skon\u010dit n\u011bkde tam, kde mi hroz\u00ed potom syndrom vyho\u0159en\u00ed. Tak\u017ee jsem si \u0159ekla, \u017ee rad\u011bji p\u016fjdu na dva m\u011bs\u00edce na pracovn\u00ed \u00fa\u0159ad, abych si dost odpo\u010dinula a kde bych si mohla srovnat si my\u0161lenky. Odjela jsem na t\u00fddenn\u00ed dovolenou do \u0160pan\u011blska. A bylo to opravdu geni\u00e1ln\u00ed. A v\u016fbec nelituji t\u00e9to \u0161pan\u011blsk\u00e9 dovolen\u00e9, proto\u017ee za posledn\u00edch p\u011bt let to byl asi nejlep\u0161\u00ed t\u00fdden v cel\u00fdch p\u011bti letech m\u00e9ho \u017eivota. Potom jsem si \u0159ekla, \u017ee ne\u017e si najdu novou pr\u00e1ci v obchod\u011b, kde se prod\u00e1v\u00e1 obuv, tak jsem si umanula, \u017ee pojedu je\u0161t\u011b na t\u0159i dny na n\u011bjak\u00fd\u00a0wellness. Bylo to opravdu p\u0159\u00edjemn\u00e9. Jela jsem do Polska na kr\u00e1sn\u00fd\u00a0wellness\u00a0pobyt, kter\u00fd trval opravdu t\u0159i dny a mus\u00edm uznat, \u017ee jsem se kr\u00e1sn\u011b\u00a0zrelaxovala. A skv\u011bl\u00e1 odpo\u010dinkov\u00e1 dovolen\u00e1 prost\u011b k \u010dlov\u011bku pat\u0159\u00ed. Asi sl\u00edbila jsem sama sob\u011b, \u017ee alespo\u0148 t\u0159ikr\u00e1t ro\u010dn\u011b si v\u017edycky zajedu alespo\u0148 na v\u00edkend do n\u011bjak\u00e9ho\u00a0wellness\u00a0centra anebo na n\u011bjakou del\u0161\u00ed dovolenou, abych si po\u0159\u00e1dn\u011b odpo\u010dinula a byla v\u00edce klidn\u011bj\u0161\u00ed, A tak\u00e9 bych m\u011bla v\u00edce s\u00edly a odvahy na pracov\u00e1n\u00ed. Kdy\u017e je \u010dlov\u011bk odpo\u010dat\u00fd, tak je\u00a0potom\u00a0opravdu par\u00e1da\u00a0pracovat.\u00a0Tohle se v\u00ed, \u017ee kdy\u017e je zam\u011bstnanec\u00a0spokojen\u00fd, tak potom\u00a0tak\u00e9\u00a0samoz\u0159ejm\u011b\u00a0odv\u00e1d\u00ed o dost lep\u0161\u00ed pr\u00e1ci, ne\u017e t\u0159eba \u010dlov\u011bk deprimovan\u00fd a\u00a0neodpo\u010dinut\u00fd.                                                                                                                                                                                                                                                                                                                                                                                        4.7\/5 - (4 votes)        "},{"@context":"https:\/\/schema.org\/","@type":"BreadcrumbList","itemListElement":[{"@type":"ListItem","position":1,"name":"Dovolen\u00e1 a pr\u00e1ce","item":"https:\/\/www.unreel.cz\/dovolena-a-prace\/#breadcrumbitem"}]}]